{"id":518,"date":"2024-10-07T07:56:38","date_gmt":"2024-10-07T07:56:38","guid":{"rendered":"https:\/\/www.ajedrezreverte.com\/rm\/?p=518"},"modified":"2024-10-07T08:02:11","modified_gmt":"2024-10-07T08:02:11","slug":"cronica-del-festival-juan-martinez-sola-2024","status":"publish","type":"post","link":"https:\/\/www.ajedrezreverte.com\/rm\/2024\/10\/07\/cronica-del-festival-juan-martinez-sola-2024\/","title":{"rendered":"Cr\u00f3nica del Festival Juan Mart\u00ednez Sola 2024"},"content":{"rendered":"\n<p>El Toyo se consolida como sede del Festival Internacional de Ajedrez Juan Mart\u00ednez Sola, organizado por el Club de Ajedrez Revert\u00e9, que celebr\u00f3 el pasado fin de semana su XI edici\u00f3n. Este a\u00f1o el Festival ha contado con la participaci\u00f3n de 107 jugadores en sus 3 torneos: Open Sub-2400, Open Sub-1600 y Blitz Nocturno, d\u00f3nde los jugadores han competido hasta la madrugada, destacando el gran campeonato que han hecho los hermanos \u00c1ngel y Alejando Serrano Almendros, campe\u00f3n y subcampe\u00f3n tanto del Open Sub-2400 como del Blitz Nocturno y campeones tambi\u00e9n de la pasada edici\u00f3n. El podio del primer torneo lo complet\u00f3 Silverio, hijo del homenajeado, que consigui\u00f3 el \u00faltimo punto jugando una apertura de su padre. Fabian Mart\u00ednez Hern\u00e1ndez y Leonardo Rodr\u00edguez Rifaterra fueron los ganadores del Open Sub-1600, d\u00f3nde tambi\u00e9n fueron premiados numerosos ni\u00f1os de la provincia, que guiados por sus clubes (El Ejido, Indalo, El Rey Hu\u00e9rcal, C\u00edrculo Mercantil Almer\u00eda, Algazara, Ciudad Real, Lorca, M\u00e1laga, Torremolinos, Revert\u00e9 Minerals, &#8230;) trabajan a trav\u00e9s del ajedrez la concentraci\u00f3n y la reflexi\u00f3n.<\/p>\n\n\n\n<p>La colaboraci\u00f3n del patronato municipal de deportes ha hecho posibles estos tres magn\u00edficos d\u00edas de ajedrez en el Toyo, en los que tambi\u00e9n han querido colaborar la cl\u00ednica dental Manuel C\u00e1liz y Ana Gim\u00e9nez aportando trofeos y el Hotel Cabo Gata Jard\u00edn siendo un escenario ideal para poder disfrutarlo.<\/p>\n\n\n\n<figure class=\"wp-block-image size-large\"><img loading=\"lazy\" width=\"1024\" height=\"471\" src=\"https:\/\/www.ajedrezreverte.com\/rm\/wp-content\/uploads\/2024\/10\/jms24premiados-1024x471.jpg\" alt=\"\" class=\"wp-image-519\" srcset=\"https:\/\/www.ajedrezreverte.com\/rm\/wp-content\/uploads\/2024\/10\/jms24premiados-1024x471.jpg 1024w, https:\/\/www.ajedrezreverte.com\/rm\/wp-content\/uploads\/2024\/10\/jms24premiados-300x138.jpg 300w, https:\/\/www.ajedrezreverte.com\/rm\/wp-content\/uploads\/2024\/10\/jms24premiados-768x353.jpg 768w, https:\/\/www.ajedrezreverte.com\/rm\/wp-content\/uploads\/2024\/10\/jms24premiados-1536x707.jpg 1536w, https:\/\/www.ajedrezreverte.com\/rm\/wp-content\/uploads\/2024\/10\/jms24premiados.jpg 1600w\" sizes=\"(max-width: 1024px) 100vw, 1024px\" \/><figcaption>Sub 2400<\/figcaption><\/figure>\n\n\n\n<figure class=\"wp-block-image size-large\"><img loading=\"lazy\" width=\"1024\" height=\"471\" src=\"https:\/\/www.ajedrezreverte.com\/rm\/wp-content\/uploads\/2024\/10\/jms24premiados2-1024x471.jpeg\" alt=\"\" class=\"wp-image-520\" srcset=\"https:\/\/www.ajedrezreverte.com\/rm\/wp-content\/uploads\/2024\/10\/jms24premiados2-1024x471.jpeg 1024w, https:\/\/www.ajedrezreverte.com\/rm\/wp-content\/uploads\/2024\/10\/jms24premiados2-300x138.jpeg 300w, https:\/\/www.ajedrezreverte.com\/rm\/wp-content\/uploads\/2024\/10\/jms24premiados2-768x353.jpeg 768w, https:\/\/www.ajedrezreverte.com\/rm\/wp-content\/uploads\/2024\/10\/jms24premiados2-1536x707.jpeg 1536w, https:\/\/www.ajedrezreverte.com\/rm\/wp-content\/uploads\/2024\/10\/jms24premiados2.jpeg 1600w\" sizes=\"(max-width: 1024px) 100vw, 1024px\" \/><figcaption>Sub 1600<\/figcaption><\/figure>\n\n\n\n<p><em>Cr\u00f3nica de Carmen Mart\u00ednez Fern\u00e1ndez<\/em><\/p>\n","protected":false},"excerpt":{"rendered":"<p>El Toyo se consolida como sede del Festival Internacional de Ajedrez Juan Mart\u00ednez Sola, organizado por el Club de Ajedrez Revert\u00e9, que celebr\u00f3 el pasado fin de semana su XI edici\u00f3n. Este a\u00f1o el Festival ha contado con la participaci\u00f3n de 107 jugadores en sus 3 torneos: Open Sub-2400, Open Sub-1600 y Blitz Nocturno, d\u00f3nde <a class=\"more-link\" href=\"https:\/\/www.ajedrezreverte.com\/rm\/2024\/10\/07\/cronica-del-festival-juan-martinez-sola-2024\/\">Leer M\u00e1s &#8230;<\/a><\/p>\n","protected":false},"author":1,"featured_media":520,"comment_status":"closed","ping_status":"open","sticky":false,"template":"","format":"standard","meta":{"_monsterinsights_skip_tracking":false,"_monsterinsights_sitenote_active":false,"_monsterinsights_sitenote_note":"","_monsterinsights_sitenote_category":0,"_links_to":"","_links_to_target":""},"categories":[1],"tags":[],"_links":{"self":[{"href":"https:\/\/www.ajedrezreverte.com\/rm\/wp-json\/wp\/v2\/posts\/518"}],"collection":[{"href":"https:\/\/www.ajedrezreverte.com\/rm\/wp-json\/wp\/v2\/posts"}],"about":[{"href":"https:\/\/www.ajedrezreverte.com\/rm\/wp-json\/wp\/v2\/types\/post"}],"author":[{"embeddable":true,"href":"https:\/\/www.ajedrezreverte.com\/rm\/wp-json\/wp\/v2\/users\/1"}],"replies":[{"embeddable":true,"href":"https:\/\/www.ajedrezreverte.com\/rm\/wp-json\/wp\/v2\/comments?post=518"}],"version-history":[{"count":2,"href":"https:\/\/www.ajedrezreverte.com\/rm\/wp-json\/wp\/v2\/posts\/518\/revisions"}],"predecessor-version":[{"id":522,"href":"https:\/\/www.ajedrezreverte.com\/rm\/wp-json\/wp\/v2\/posts\/518\/revisions\/522"}],"wp:featuredmedia":[{"embeddable":true,"href":"https:\/\/www.ajedrezreverte.com\/rm\/wp-json\/wp\/v2\/media\/520"}],"wp:attachment":[{"href":"https:\/\/www.ajedrezreverte.com\/rm\/wp-json\/wp\/v2\/media?parent=518"}],"wp:term":[{"taxonomy":"category","embeddable":true,"href":"https:\/\/www.ajedrezreverte.com\/rm\/wp-json\/wp\/v2\/categories?post=518"},{"taxonomy":"post_tag","embeddable":true,"href":"https:\/\/www.ajedrezreverte.com\/rm\/wp-json\/wp\/v2\/tags?post=518"}],"curies":[{"name":"wp","href":"https:\/\/api.w.org\/{rel}","templated":true}]}}